{"id":42180,"date":"2025-12-02T21:49:52","date_gmt":"2025-12-02T21:49:52","guid":{"rendered":"https:\/\/mis-uszatek.pl\/?p=42180"},"modified":"2025-12-02T21:50:13","modified_gmt":"2025-12-02T21:50:13","slug":"narodowe-czytanie","status":"publish","type":"post","link":"https:\/\/mis-uszatek.pl\/?p=42180","title":{"rendered":"&#8222;NARODOWE CZYTANIE&#8221;"},"content":{"rendered":"\n<p>Udzia\u0142 w og\u00f3lnopolskiej akcji \u201eNarodowe Czytanie&#8221;. Dzieci pozna\u0142y fraszk\u0119 Jana Kochanowskiego \u201eNa lip\u0119&#8221;. Z zainteresowaniem uczestniczy\u0142y w czytaniu, poznaj\u0105c pi\u0119kno poezji oraz atmosfer\u0119 staropolskiego ogrodu. Odgadywa\u0142y zagadki d\u017awi\u0119kowe, a nast\u0119pnie uk\u0142ada\u0142y go\u015bci na \u0142aweczce pod lip\u0105. Przedszkolaki z zaanga\u017cowaniem przyczepia\u0142y owady i ptaki do sylwety drzewa wsp\u00f3\u0142tworz\u0105c weso\u0142\u0105, pe\u0142n\u0105 \u017cycia lipow\u0105 scen\u0119.<\/p>\n\n\n\n<figure class=\"wp-block-image size-full is-style-default\"><img loading=\"lazy\" width=\"2048\" height=\"1536\" src=\"https:\/\/mis-uszatek.pl\/wp-content\/uploads\/2025\/12\/584830335_122123324222992015_9007132873789577314_n.jpg\" alt=\"\" class=\"wp-image-42186\"\/><\/figure>\n\n\n\n<figure class=\"wp-block-image size-full is-style-default\"><img loading=\"lazy\" width=\"2048\" height=\"1536\" src=\"https:\/\/mis-uszatek.pl\/wp-content\/uploads\/2025\/12\/586045855_122123324120992015_9099984219246439819_n.jpg\" alt=\"\" class=\"wp-image-42190\"\/><\/figure>\n\n\n\n<figure class=\"wp-block-image size-full is-style-default\"><img loading=\"lazy\" width=\"2048\" height=\"1536\" src=\"https:\/\/mis-uszatek.pl\/wp-content\/uploads\/2025\/12\/582849789_122123323166992015_1144784414334072547_n.jpg\" alt=\"\" class=\"wp-image-42189\"\/><\/figure>\n\n\n\n<figure class=\"wp-block-image size-full is-style-default\"><img loading=\"lazy\" width=\"2048\" height=\"1536\" src=\"https:\/\/mis-uszatek.pl\/wp-content\/uploads\/2025\/12\/586344182_122123322122992015_1925634198458207683_n.jpg\" alt=\"\" class=\"wp-image-42185\"\/><\/figure>\n\n\n\n<figure class=\"wp-block-image size-full is-style-default\"><img loading=\"lazy\" width=\"1216\" height=\"912\" src=\"https:\/\/mis-uszatek.pl\/wp-content\/uploads\/2025\/12\/585022065_122123320010992015_2441220706689182204_n.jpg\" alt=\"\" class=\"wp-image-42184\"\/><\/figure>\n\n\n\n<figure class=\"wp-block-image size-full is-style-default\"><img loading=\"lazy\" width=\"912\" height=\"1216\" src=\"https:\/\/mis-uszatek.pl\/wp-content\/uploads\/2025\/12\/584645943_122123319710992015_6761763342738267667_n.jpg\" alt=\"\" class=\"wp-image-42183\"\/><\/figure>\n\n\n\n<figure class=\"wp-block-image size-full is-style-default\"><img loading=\"lazy\" width=\"912\" height=\"1216\" src=\"https:\/\/mis-uszatek.pl\/wp-content\/uploads\/2025\/12\/584982438_122123319536992015_7028765967420664255_n.jpg\" alt=\"\" class=\"wp-image-42181\"\/><\/figure>\n\n\n\n<figure class=\"wp-block-image size-full is-style-default\"><img loading=\"lazy\" width=\"1216\" height=\"912\" src=\"https:\/\/mis-uszatek.pl\/wp-content\/uploads\/2025\/12\/585496449_122123319494992015_4350409549479056024_n.jpg\" alt=\"\" class=\"wp-image-42182\"\/><\/figure>\n\n\n\n<figure class=\"wp-block-image size-full is-style-default\"><img loading=\"lazy\" width=\"2048\" height=\"1536\" src=\"https:\/\/mis-uszatek.pl\/wp-content\/uploads\/2025\/12\/586720476_122123324018992015_4073294763871690155_n.jpg\" alt=\"\" class=\"wp-image-42188\"\/><\/figure>\n\n\n\n<figure class=\"wp-block-image size-full is-style-default\"><img loading=\"lazy\" width=\"2048\" height=\"1536\" src=\"https:\/\/mis-uszatek.pl\/wp-content\/uploads\/2025\/12\/586161771_122123323988992015_8701296266608333705_n.jpg\" alt=\"\" class=\"wp-image-42187\"\/><\/figure>\n","protected":false},"excerpt":{"rendered":"<p>Udzia\u0142 w og\u00f3lnopolskiej akcji \u201eNarodowe Czytanie&#8221;. Dzieci pozna\u0142y fraszk\u0119 Jana Kochanowskiego \u201eNa lip\u0119&#8221;. Z zainteresowaniem uczestniczy\u0142y w czytaniu, poznaj\u0105c pi\u0119kno poezji oraz atmosfer\u0119 staropolskiego ogrodu. Odgadywa\u0142y zagadki d\u017awi\u0119kowe, a nast\u0119pnie uk\u0142ada\u0142y go\u015bci na \u0142aweczce pod lip\u0105. Przedszkolaki z zaanga\u017cowaniem przyczepia\u0142y owady i ptaki do sylwety drzewa wsp\u00f3\u0142tworz\u0105c weso\u0142\u0105, pe\u0142n\u0105 \u017cycia lipow\u0105 scen\u0119. [&#8230;]<\/p>\n<h2 class=\"amatic\"><a class=\"btn btn-default understrap-read-more-link\" href=\"https:\/\/mis-uszatek.pl\/?p=42180\">Wi\u0119cej&#8230;<\/a><\/h2>\n","protected":false},"author":1,"featured_media":0,"comment_status":"closed","ping_status":"closed","sticky":false,"template":"","format":"standard","meta":[],"categories":[18],"tags":[],"_links":{"self":[{"href":"https:\/\/mis-uszatek.pl\/index.php?rest_route=\/wp\/v2\/posts\/42180"}],"collection":[{"href":"https:\/\/mis-uszatek.pl\/index.php?rest_route=\/wp\/v2\/posts"}],"about":[{"href":"https:\/\/mis-uszatek.pl\/index.php?rest_route=\/wp\/v2\/types\/post"}],"author":[{"embeddable":true,"href":"https:\/\/mis-uszatek.pl\/index.php?rest_route=\/wp\/v2\/users\/1"}],"replies":[{"embeddable":true,"href":"https:\/\/mis-uszatek.pl\/index.php?rest_route=%2Fwp%2Fv2%2Fcomments&post=42180"}],"version-history":[{"count":2,"href":"https:\/\/mis-uszatek.pl\/index.php?rest_route=\/wp\/v2\/posts\/42180\/revisions"}],"predecessor-version":[{"id":42192,"href":"https:\/\/mis-uszatek.pl\/index.php?rest_route=\/wp\/v2\/posts\/42180\/revisions\/42192"}],"wp:attachment":[{"href":"https:\/\/mis-uszatek.pl\/index.php?rest_route=%2Fwp%2Fv2%2Fmedia&parent=42180"}],"wp:term":[{"taxonomy":"category","embeddable":true,"href":"https:\/\/mis-uszatek.pl\/index.php?rest_route=%2Fwp%2Fv2%2Fcategories&post=42180"},{"taxonomy":"post_tag","embeddable":true,"href":"https:\/\/mis-uszatek.pl\/index.php?rest_route=%2Fwp%2Fv2%2Ftags&post=42180"}],"curies":[{"name":"wp","href":"https:\/\/api.w.org\/{rel}","templated":true}]}}