{"id":42034,"date":"2025-12-02T17:07:57","date_gmt":"2025-12-02T17:07:57","guid":{"rendered":"https:\/\/mis-uszatek.pl\/?p=42034"},"modified":"2025-12-02T17:07:57","modified_gmt":"2025-12-02T17:07:57","slug":"obchody-festynu-rodzinnego-z-okazji-dnia-niepodleglosci","status":"publish","type":"post","link":"https:\/\/mis-uszatek.pl\/?p=42034","title":{"rendered":"OBCHODY FESTYNU RODZINNEGO Z OKAZJI DNIA NIEPODLEG\u0141O\u015aCI"},"content":{"rendered":"\n<p>Dnia 8 listopada dzieci z grupy<img loading=\"lazy\" height=\"16\" width=\"16\" src=\"https:\/\/static.xx.fbcdn.net\/images\/emoji.php\/v9\/t29\/1\/16\/1f430.png\" alt=\"&#x1f430;\">\u201eKr\u00f3liczki&#8221; i \u201eUszatki&#8221;<img loading=\"lazy\" height=\"16\" width=\"16\" src=\"https:\/\/static.xx.fbcdn.net\/images\/emoji.php\/v9\/t5b\/1\/16\/1f43b.png\" alt=\"&#x1f43b;\">wyst\u0105pi\u0142y na hali OSiR podczas Festynu Rodzinnego z okazji obchod\u00f3w \u015awi\u0119ta Niepodleg\u0142o\u015bci. Wielkie brawa dla naszych starszak\u00f3w.<\/p>\n\n\n\n<figure class=\"wp-block-image size-full is-style-default\"><img loading=\"lazy\" width=\"1536\" height=\"884\" src=\"https:\/\/mis-uszatek.pl\/wp-content\/uploads\/2025\/12\/579885276_122121313040992015_5885487964245307588_n.jpg\" alt=\"\" class=\"wp-image-42036\"\/><\/figure>\n\n\n\n<figure class=\"wp-block-image size-full is-style-default\"><img loading=\"lazy\" width=\"762\" height=\"753\" src=\"https:\/\/mis-uszatek.pl\/wp-content\/uploads\/2025\/12\/577536776_122121313766992015_5478561424223964338_n.jpg\" alt=\"\" class=\"wp-image-42035\"\/><\/figure>\n\n\n\n<figure class=\"wp-block-image size-full is-style-default\"><img loading=\"lazy\" width=\"1104\" height=\"1220\" src=\"https:\/\/mis-uszatek.pl\/wp-content\/uploads\/2025\/12\/578298043_122121313718992015_6104288766926958622_n.jpg\" alt=\"\" class=\"wp-image-42037\"\/><\/figure>\n\n\n\n<figure class=\"wp-block-image size-full is-style-default\"><img loading=\"lazy\" width=\"1263\" height=\"709\" src=\"https:\/\/mis-uszatek.pl\/wp-content\/uploads\/2025\/12\/577876421_122121313124992015_2484269788714922448_n.jpg\" alt=\"\" class=\"wp-image-42038\"\/><\/figure>\n","protected":false},"excerpt":{"rendered":"<p>Dnia 8 listopada dzieci z grupy\u201eKr\u00f3liczki&#8221; i \u201eUszatki&#8221;wyst\u0105pi\u0142y na hali OSiR podczas Festynu Rodzinnego z okazji obchod\u00f3w \u015awi\u0119ta Niepodleg\u0142o\u015bci. Wielkie brawa dla naszych starszak\u00f3w. [&#8230;]<\/p>\n<h2 class=\"amatic\"><a class=\"btn btn-default understrap-read-more-link\" href=\"https:\/\/mis-uszatek.pl\/?p=42034\">Wi\u0119cej&#8230;<\/a><\/h2>\n","protected":false},"author":1,"featured_media":0,"comment_status":"closed","ping_status":"closed","sticky":false,"template":"","format":"standard","meta":[],"categories":[18],"tags":[],"_links":{"self":[{"href":"https:\/\/mis-uszatek.pl\/index.php?rest_route=\/wp\/v2\/posts\/42034"}],"collection":[{"href":"https:\/\/mis-uszatek.pl\/index.php?rest_route=\/wp\/v2\/posts"}],"about":[{"href":"https:\/\/mis-uszatek.pl\/index.php?rest_route=\/wp\/v2\/types\/post"}],"author":[{"embeddable":true,"href":"https:\/\/mis-uszatek.pl\/index.php?rest_route=\/wp\/v2\/users\/1"}],"replies":[{"embeddable":true,"href":"https:\/\/mis-uszatek.pl\/index.php?rest_route=%2Fwp%2Fv2%2Fcomments&post=42034"}],"version-history":[{"count":1,"href":"https:\/\/mis-uszatek.pl\/index.php?rest_route=\/wp\/v2\/posts\/42034\/revisions"}],"predecessor-version":[{"id":42040,"href":"https:\/\/mis-uszatek.pl\/index.php?rest_route=\/wp\/v2\/posts\/42034\/revisions\/42040"}],"wp:attachment":[{"href":"https:\/\/mis-uszatek.pl\/index.php?rest_route=%2Fwp%2Fv2%2Fmedia&parent=42034"}],"wp:term":[{"taxonomy":"category","embeddable":true,"href":"https:\/\/mis-uszatek.pl\/index.php?rest_route=%2Fwp%2Fv2%2Fcategories&post=42034"},{"taxonomy":"post_tag","embeddable":true,"href":"https:\/\/mis-uszatek.pl\/index.php?rest_route=%2Fwp%2Fv2%2Ftags&post=42034"}],"curies":[{"name":"wp","href":"https:\/\/api.w.org\/{rel}","templated":true}]}}